{"id":2740,"date":"2024-05-16T08:00:00","date_gmt":"2024-05-16T06:00:00","guid":{"rendered":"https:\/\/www.fitstore24.com\/blog\/?p=2740"},"modified":"2024-05-16T10:13:58","modified_gmt":"2024-05-16T08:13:58","slug":"e-bike-und-fahrrad-saisonstart-mach-dein-bike-fit-fuer-den-sommer","status":"publish","type":"post","link":"https:\/\/www.fitstore24.com\/blog\/allgemein\/e-bike-und-fahrrad-saisonstart-mach-dein-bike-fit-fuer-den-sommer\/","title":{"rendered":"E-Bike und Fahrrad Saisonstart \u2013 mach dein Bike fit f\u00fcr den Sommer"},"content":{"rendered":"\n<p>Du sp\u00fcrst es schon in der Luft \u2013 der Sommer naht mit gro\u00dfen Schritten und damit auch die Fahrradsaison! Jetzt ist die perfekte Zeit, dein E-Bike oder Fahrrad aus dem Winterschlaf zu wecken und dich auf den <strong>Saisonstart vorzubereiten<\/strong>, damit du die warmen Monate bestm\u00f6glich genie\u00dfen kannst. <br>Bevor du dich auf den Sattel schwingst, gibt es ein paar wichtige Dinge zu beachten, um sicherzustellen, dass du gut ger\u00fcstet und gut vorbereitet in die Saison startest. Unsere Tipps helfen dir, dein Fahrrad oder E-Bike \u201esommerfit\u201c zu machen. <\/p>\n\n\n\n<h2 class=\"wp-block-heading\">E-Bike und Fahrrad-REINIGUNG<\/h2>\n\n\n\n<p>Zu Beginn der Wartung sollte das Fahrrad&nbsp;<strong>mit handels\u00fcblichen Sp\u00fclmittel und Wasser gereinigt&nbsp;<\/strong>werden \u2013 auch k\u00f6nnen extra <a href=\"https:\/\/www.fitstore24.com\/de\/radsport\/zubehoer\/pflegemittel\" target=\"_blank\" rel=\"noreferrer noopener\">Fahrradreiniger<\/a> benutzt werden. Das&nbsp;<strong>Augenmerk sollte auf Rahmen, Gabel, Reifen, Laufr\u00e4der\/Felgenflanken&nbsp;<\/strong>liegen.<\/p>\n\n\n\n<p><strong>Wichtig:<\/strong>&nbsp;Nie mit einem Hochdruckreiniger an die Fahrradw\u00e4sche wagen. Anbauteile wie Schaltung und Bremsen nehmen erheblichen Schaden.<\/p>\n\n\n\n<p>Wurde das Fahrrad sorgf\u00e4ltig gereinigt (hier findest du eine\u00a0<a href=\"https:\/\/www.fitstore24.com\/de\/fahrrad-reparatur-pflege\" target=\"_blank\" rel=\"noreferrer noopener\">Anleitung zur Fahrrad-Reinigung<\/a>), solltest du auf Risse und Kratzer achten, vor allem an: <\/p>\n\n\n\n<ul>\n<li>Rahmen, Gabel, Sattelst\u00fctze<\/li>\n\n\n\n<li>Lenker, Vorbau, Lenkerklemmungen<\/li>\n\n\n\n<li>Reifen und Laufr\u00e4der<\/li>\n<\/ul>\n\n\n\n<p>Sofern keine Sch\u00e4den an Rahmen oder tragenden Teilen auffallen, kannst du einen einfachen E-Bike oder Fahrrad-Check durchf\u00fchren. Befinden sich allerdings auffallende&nbsp;<strong>M\u00e4ngel am Rad, solltest du dringend ein Fachh\u00e4ndler aufsuchen.<\/strong><\/p>\n\n\n\n<figure class=\"wp-block-image size-large\"><img decoding=\"async\" loading=\"lazy\" width=\"1170\" height=\"658\" src=\"https:\/\/www.fitstore24.com\/blog\/wp-content\/uploads\/2024\/02\/DSC_6204_mittel-edited.jpg\" alt=\"Fahrrad-Saisonstart \" class=\"wp-image-2799\" srcset=\"https:\/\/www.fitstore24.com\/blog\/wp-content\/uploads\/2024\/02\/DSC_6204_mittel-edited.jpg 1170w, https:\/\/www.fitstore24.com\/blog\/wp-content\/uploads\/2024\/02\/DSC_6204_mittel-edited-300x169.jpg 300w, https:\/\/www.fitstore24.com\/blog\/wp-content\/uploads\/2024\/02\/DSC_6204_mittel-edited-1024x576.jpg 1024w\" sizes=\"(max-width: 1170px) 100vw, 1170px\" \/><\/figure>\n\n\n\n<div class=\"wp-block-uagb-call-to-action uagb-block-b6836a41\"><a href=\"https:\/\/www.fitstore24.com\/blog\/ratgeber\/die-richtige-e-bike-pflege\/\" class=\"uagb-cta__link-to-all\" target=\"_blank\" rel=\"noopener noreferrer\"><\/a><div class=\"uagb-cta__wrap\"><h3 class=\"uagb-cta__title\"><mark style=\"background-color:rgba(0, 0, 0, 0)\" class=\"has-inline-color has-luminous-vivid-amber-color\">LESETIPP:<\/mark> Die richtige E-Bike-Pflege <\/h3><p class=\"uagb-cta__desc\">In diesem Ratgeber erf\u00e4hrst du, wie du dein<strong>&nbsp;E-Bike richtig pflegst und reinigst und worauf du achten solltest.&nbsp;<\/strong><\/p><\/div><div class=\"uagb-cta__buttons\"><\/div><\/div>\n\n\n\n<h2 class=\"wp-block-heading\">E-Bike und Fahrrad-CHECK <\/h2>\n\n\n\n<p>Nach der Reinigung solltest du dein Fahrrad auf Herz und Nieren pr\u00fcfen. Schaue, wie bereits beschrieben, ob <strong>keine Anzeichen von Rost oder Besch\u00e4digungen<\/strong> vorhanden sind. Danach kannst du mit dem E-Bike oder Fahrrad-Check fortfahren. F\u00fcr den Fahrrad-Check solltest du&nbsp;<strong>ein bis zwei Stunden Zeit<\/strong>&nbsp;einplanen und bereits im Vorfeld an ein paar Materialien denken, um die Reparatur schnell durchzuf\u00fchren. Es ben\u00f6tigt kein&nbsp;Spezialwerkzeug, lediglich ein&nbsp;<a href=\"https:\/\/www.fitstore24.com\/de\/search_ff?query=Multitool\">Multitool&nbsp;<\/a><a href=\"http:\/\/www.fitstore24.com\/de\/search_ff?query=Multitool\" target=\"_blank\" rel=\"noreferrer noopener\">oder Multifunktionswerkszeug<\/a>. <\/p>\n\n\n\n<p>Folgendes ist bei einem Fahrrad (E-Bike) Check zu tun: <\/p>\n\n\n\n<ul>\n<li><strong>Reifen und Bereifung<\/strong>&nbsp;kontrollieren (Luftdruck, Profiltiefe, Besch\u00e4digung)<\/li>\n\n\n\n<li><strong>Bremsbelege&nbsp;<\/strong>pr\u00fcfen (Funktion, Zustand, Einstellung)<\/li>\n\n\n\n<li>Zustand der&nbsp;<strong>Kette&nbsp;<\/strong>(s\u00e4ubern, entfetten und \u00f6len)&nbsp;<\/li>\n\n\n\n<li><strong>Beleuchtung&nbsp;<\/strong>(Funktion, Zustand, Einstellung und&nbsp;gegebenenfalls Batterie tauschen)&nbsp;<\/li>\n\n\n\n<li><strong>Schutzbleche&nbsp;<\/strong>anbringen<\/li>\n\n\n\n<li>Akku (Befestigung, Funktion)&nbsp;<br>Solltest du ein E-Bike besitzen, so&nbsp;<strong>kontrolliere unbedingt den Akku auf seine Funktionsf\u00e4higkeit.<\/strong><\/li>\n<\/ul>\n\n\n\n<p>Wenn du unsicher bist, ob dein Fahrrad (E-Bike) noch in gutem Zustand ist, bringe es am besten zu einem <strong>Fachmann f\u00fcr eine Inspektion. <\/strong><\/p>\n\n\n\n<figure class=\"wp-block-image size-full\"><img decoding=\"async\" loading=\"lazy\" width=\"1170\" height=\"658\" src=\"https:\/\/www.fitstore24.com\/blog\/wp-content\/uploads\/2024\/02\/Cube_2023_10_3763_low_mittel-edited.jpg\" alt=\"Mach dein Rad sommerfit \" class=\"wp-image-2797\" srcset=\"https:\/\/www.fitstore24.com\/blog\/wp-content\/uploads\/2024\/02\/Cube_2023_10_3763_low_mittel-edited.jpg 1170w, https:\/\/www.fitstore24.com\/blog\/wp-content\/uploads\/2024\/02\/Cube_2023_10_3763_low_mittel-edited-300x169.jpg 300w, https:\/\/www.fitstore24.com\/blog\/wp-content\/uploads\/2024\/02\/Cube_2023_10_3763_low_mittel-edited-1024x576.jpg 1024w\" sizes=\"(max-width: 1170px) 100vw, 1170px\" \/><\/figure>\n\n\n\n<h2 class=\"wp-block-heading\">Trainingsvorbereitung <\/h2>\n\n\n\n<p>Um fit und bereit f\u00fcr lange Touren zu sein, ist <strong>regelm\u00e4\u00dfiges Training unerl\u00e4sslich.<\/strong> Nutze deine Fahrradfahrten als Gelegenheit, um deine Ausdauer zu verbessern und deine Muskeln zu st\u00e4rken. Variiere deine Strecken und Geschwindigkeiten, um Abwechslung zu schaffen und Spa\u00df zu haben. Und vergiss nicht, auch auf deine <a href=\"https:\/\/www.fitstore24.com\/blog\/ratgeber\/die-richtige-ernaehrung-im-radsport\" target=\"_blank\" rel=\"noreferrer noopener\">Ern\u00e4hrung<\/a> und Hydratation zu achten, um deine Leistungsf\u00e4higkeit zu erhalten. <\/p>\n\n\n\n<p>Nimm dir au\u00dferdem Zeit, deine Fahrradtouren im Voraus zu planen und interessante Strecken und Ziele zu entdecken. <strong>Nutze Karten und Apps<\/strong>, um neue Routen zu erkunden und dich inspirieren zu lassen. Plane <strong>Pausen <\/strong>ein, um die Landschaft zu genie\u00dfen, Sehensw\u00fcrdigkeiten zu besichtigen oder eine Erfrischung zu genie\u00dfen. <\/p>\n\n\n\n<figure class=\"wp-block-image size-large\"><img decoding=\"async\" loading=\"lazy\" width=\"1170\" height=\"658\" src=\"https:\/\/www.fitstore24.com\/blog\/wp-content\/uploads\/2024\/02\/iLynx-Trail-Launch-Pictures-Video-Social-Media-5_mittel-edited.jpg\" alt=\"Fit f\u00fcr den Sommer \" class=\"wp-image-2805\" srcset=\"https:\/\/www.fitstore24.com\/blog\/wp-content\/uploads\/2024\/02\/iLynx-Trail-Launch-Pictures-Video-Social-Media-5_mittel-edited.jpg 1170w, https:\/\/www.fitstore24.com\/blog\/wp-content\/uploads\/2024\/02\/iLynx-Trail-Launch-Pictures-Video-Social-Media-5_mittel-edited-300x169.jpg 300w, https:\/\/www.fitstore24.com\/blog\/wp-content\/uploads\/2024\/02\/iLynx-Trail-Launch-Pictures-Video-Social-Media-5_mittel-edited-1024x576.jpg 1024w\" sizes=\"(max-width: 1170px) 100vw, 1170px\" \/><\/figure>\n\n\n\n<div class=\"wp-block-uagb-call-to-action uagb-block-7c033b25\"><a href=\"https:\/\/www.fitstore24.com\/blog\/allgemein\/radfahren-ist-gesund\/\" class=\"uagb-cta__link-to-all\" target=\"_blank\" rel=\"noopener noreferrer\"><\/a><div class=\"uagb-cta__wrap\"><h3 class=\"uagb-cta__title\"><mark style=\"background-color:rgba(0, 0, 0, 0)\" class=\"has-inline-color has-luminous-vivid-amber-color\">LESETIPP:<\/mark> Radfahren ist gesund<\/h3><p class=\"uagb-cta__desc\">Lies in unserem Ratgeber, warum du \u00f6fters Radfahren solltest und welche gesundheitlichen Vorteile es bietet. <\/p><\/div><div class=\"uagb-cta__buttons\"><\/div><\/div>\n\n\n\n<h2 class=\"wp-block-heading\">Startklar in den Sommer mit Fitstore24 <\/h2>\n\n\n\n<p>Um sicherzustellen, dass dein Fahrrad reibungslos l\u00e4uft und dir keine Probleme bereitet, solltest du es <strong>regelm\u00e4\u00dfig warten und pflegen.<\/strong> Eine regelm\u00e4\u00dfige Wartung<strong> verl\u00e4ngert die Lebensdauer<\/strong> deines Fahrrads und sorgt f\u00fcr eine angenehme Fahrerfahrung.<\/p>\n\n\n\n<p>Buche dein <a href=\"https:\/\/www.fitstore24.com\/de\/rad-service-profi\" target=\"_blank\" rel=\"noreferrer noopener\">Fahrrad-Service<\/a> zum E-Bike und Fahrrad Saisonstart bei Fitstore24 und w\u00e4hle dein gew\u00fcnschtes Paket. So bleibt dein Fahrrad dein langer und zuverl\u00e4ssiger Begleiter \u2013 f\u00fcr grenzenlosen Fahrspa\u00df! <\/p>\n\n\n\n<figure class=\"wp-block-image size-full is-resized\"><img decoding=\"async\" loading=\"lazy\" src=\"https:\/\/www.fitstore24.com\/blog\/wp-content\/uploads\/2024\/02\/Flyer_800px-Gotour_2023_DSC02446-edited.jpg\" alt=\"E-Bike und Fahrrad Saisonstart \" class=\"wp-image-2802\" width=\"831\" height=\"465\"\/><\/figure>\n\n\n\n<p>Mach dein Fahrrad fit f\u00fcr den Sommer, trainiere regelm\u00e4\u00dfig und plane spannende Abenteuer \u2013 mit diesen Tipps bist du bestens ger\u00fcstet, um die Fahrradsaison in vollen Z\u00fcgen zu genie\u00dfen und unvergessliche Momente unter freiem Himmel zu erleben. Die Fahrradsaison wartet auf dich \u2013 worauf wartest du noch?<\/p>\n\n\n\n<div class=\"wp-block-uagb-separator uagb-block-cc3222f8\"><div class=\"wp-block-uagb-separator__inner\" style=\"--my-background-image:\"><\/div><\/div>\n\n\n\n<h2 class=\"wp-block-heading\">H\u00e4ufig gestellte Fragen zum E-Bike und Fahrrad Saisonstart <\/h2>\n\n\n\n<div class=\"schema-faq wp-block-yoast-faq-block\"><div class=\"schema-faq-section\" id=\"faq-question-1708003689499\"><strong class=\"schema-faq-question\">Wann ist die E-Bike und Fahrrad-Saison? <\/strong> <p class=\"schema-faq-answer\">Die Fahrrad- und E-Bike-Saison <strong>startet in der Regel im Fr\u00fchling, wenn das Wetter w\u00e4rmer wird<\/strong> und die <strong>Tage l\u00e4nger<\/strong> werden. In vielen Regionen beginnt die Fahrradsaison im <strong>M\u00e4rz oder April<\/strong> und dauert bis in den Herbst hinein, typischerweise bis Oktober oder November. Der genaue Start der Fahrradsaison kann jedoch <strong>je nach Wetterbedingungen und regionalen Gegebenheiten variieren.<\/strong> <\/p> <\/div> <div class=\"schema-faq-section\" id=\"faq-question-1708003692190\"><strong class=\"schema-faq-question\">Was darf beim Fahrrad-Check auf keinen Fall fehlen? <\/strong> <p class=\"schema-faq-answer\">Beim Fahrrad-Check bzw. Service wird dein Fahrrad (E-Bike) <strong>auf Verschlei\u00df und Besch\u00e4digungen gepr\u00fcft.<\/strong> Das umfasst die Reifen und den Reifendruck, die Bremsen, die Schaltung, die Beleuchtung, Kette und Antrieb sowie s\u00e4mtlich Einstellungen sowie Software-Updates. Beim E-Bike ist die Funktionsf\u00e4higkeit des Akkus von zentraler Bedeutung. Eine abschlie\u00dfende Testfahrt stellt sicher, dass alle Reparaturen und Einstellungen korrekt durchgef\u00fchrt wurden und das Rad einwandfrei funktioniert. <\/p> <\/div> <div class=\"schema-faq-section\" id=\"faq-question-1708011876011\"><strong class=\"schema-faq-question\">Wie oft muss das Fahrrad oder E-Bike gewartet werden? <\/strong> <p class=\"schema-faq-answer\">Ein regelm\u00e4\u00dfiger Fahrrad-Check und -Service ist entscheidend, um die Sicherheit, Leistungsf\u00e4higkeit und Langlebigkeit deines Fahrrads zu gew\u00e4hrleisten. Die meisten Fahrradfahrer f\u00fchren eine <strong>saisonale Wartung durch, insbesondere vor Beginn der Fahrradsaison<\/strong> im Fr\u00fchling. Wie oft ein Fahrrad oder E-Bike Check durchgef\u00fchrt werden muss, h\u00e4ngt davon ab, wie oft du mit deinem Rad f\u00e4hrst und unter welchen Bedingungen. Einige Fahrradhersteller empfehlen bestimmte Serviceintervalle f\u00fcr ihre Fahrr\u00e4der. <\/p> <\/div> <\/div>\n","protected":false},"excerpt":{"rendered":"<p>Die E-Bike und Fahrrad Sommersaison startet bald. Hier sind einige Tipps, wie du dein Bike fit f\u00fcr den Sommer machst. <\/p>\n","protected":false},"author":7,"featured_media":2806,"comment_status":"closed","ping_status":"open","sticky":false,"template":"","format":"standard","meta":{"_uag_custom_page_level_css":""},"categories":[1,4,25],"tags":[27,50,120,39,119,92],"yoast_head":"<!-- This site is optimized with the Yoast SEO plugin v20.8 - https:\/\/yoast.com\/wordpress\/plugins\/seo\/ -->\n<title>E-Bike und Fahrrad Saisonstart | Fitstore24<\/title>\n<meta name=\"description\" content=\"E-Bike und Fahrrad Saisonstart: Mach dein Bike fit f\u00fcr den Sommer und starte durch! \u25b6 Lese hier: \u2714 Was ist zu tun? \u2714 Worauf achten? \u2714 Tipps\" \/>\n<meta name=\"robots\" content=\"index, follow, max-snippet:-1, max-image-preview:large, max-video-preview:-1\" \/>\n<link rel=\"canonical\" href=\"https:\/\/www.fitstore24.com\/blog\/allgemein\/e-bike-und-fahrrad-saisonstart-mach-dein-bike-fit-fuer-den-sommer\/\" \/>\n<meta property=\"og:locale\" content=\"de_DE\" \/>\n<meta property=\"og:type\" content=\"article\" \/>\n<meta property=\"og:title\" content=\"E-Bike und Fahrrad Saisonstart | Fitstore24\" \/>\n<meta property=\"og:description\" content=\"E-Bike und Fahrrad Saisonstart: Mach dein Bike fit f\u00fcr den Sommer und starte durch! \u25b6 Lese hier: \u2714 Was ist zu tun? \u2714 Worauf achten? \u2714 Tipps\" \/>\n<meta property=\"og:url\" content=\"https:\/\/www.fitstore24.com\/blog\/allgemein\/e-bike-und-fahrrad-saisonstart-mach-dein-bike-fit-fuer-den-sommer\/\" \/>\n<meta property=\"og:site_name\" content=\"Fitstore24 ZANIER - Fahrr\u00e4der - e-Bikes - Fitness Blog\" \/>\n<meta property=\"article:publisher\" content=\"https:\/\/www.facebook.com\/fitstore24\/\" \/>\n<meta property=\"article:published_time\" content=\"2024-05-16T06:00:00+00:00\" \/>\n<meta property=\"article:modified_time\" content=\"2024-05-16T08:13:58+00:00\" \/>\n<meta property=\"og:image\" content=\"https:\/\/www.fitstore24.com\/blog\/wp-content\/uploads\/2024\/05\/iLynx-Trail-Launch-Pictures-Video-Social-Media_mittel.jpg\" \/>\n\t<meta property=\"og:image:width\" content=\"1170\" \/>\n\t<meta property=\"og:image:height\" content=\"780\" \/>\n\t<meta property=\"og:image:type\" content=\"image\/jpeg\" \/>\n<meta name=\"author\" content=\"Stefanie Mayer\" \/>\n<meta name=\"twitter:card\" content=\"summary_large_image\" \/>\n<meta name=\"twitter:label1\" content=\"Verfasst von\" \/>\n\t<meta name=\"twitter:data1\" content=\"Stefanie Mayer\" \/>\n\t<meta name=\"twitter:label2\" content=\"Gesch\u00e4tzte Lesezeit\" \/>\n\t<meta name=\"twitter:data2\" content=\"6\u00a0Minuten\" \/>\n<script type=\"application\/ld+json\" class=\"yoast-schema-graph\">{\"@context\":\"https:\/\/schema.org\",\"@graph\":[{\"@type\":\"Article\",\"@id\":\"https:\/\/www.fitstore24.com\/blog\/allgemein\/e-bike-und-fahrrad-saisonstart-mach-dein-bike-fit-fuer-den-sommer\/#article\",\"isPartOf\":{\"@id\":\"https:\/\/www.fitstore24.com\/blog\/allgemein\/e-bike-und-fahrrad-saisonstart-mach-dein-bike-fit-fuer-den-sommer\/\"},\"author\":{\"name\":\"Stefanie Mayer\",\"@id\":\"https:\/\/www.fitstore24.com\/blog\/#\/schema\/person\/86ce25f958a0b888e8982b44210acae3\"},\"headline\":\"E-Bike und Fahrrad Saisonstart \u2013 mach dein Bike fit f\u00fcr den Sommer\",\"datePublished\":\"2024-05-16T06:00:00+00:00\",\"dateModified\":\"2024-05-16T08:13:58+00:00\",\"mainEntityOfPage\":{\"@id\":\"https:\/\/www.fitstore24.com\/blog\/allgemein\/e-bike-und-fahrrad-saisonstart-mach-dein-bike-fit-fuer-den-sommer\/\"},\"wordCount\":923,\"publisher\":{\"@id\":\"https:\/\/www.fitstore24.com\/blog\/#organization\"},\"keywords\":[\"E-Bike\",\"Fahrrad\",\"Fahrrad-Check\",\"Pflege\",\"Saisonstart\",\"Sommer\"],\"articleSection\":{\"1\":\"E-Bikes\",\"2\":\"Ratgeber\"},\"inLanguage\":\"de\"},{\"@type\":[\"WebPage\",\"FAQPage\"],\"@id\":\"https:\/\/www.fitstore24.com\/blog\/allgemein\/e-bike-und-fahrrad-saisonstart-mach-dein-bike-fit-fuer-den-sommer\/\",\"url\":\"https:\/\/www.fitstore24.com\/blog\/allgemein\/e-bike-und-fahrrad-saisonstart-mach-dein-bike-fit-fuer-den-sommer\/\",\"name\":\"E-Bike und Fahrrad Saisonstart | Fitstore24\",\"isPartOf\":{\"@id\":\"https:\/\/www.fitstore24.com\/blog\/#website\"},\"datePublished\":\"2024-05-16T06:00:00+00:00\",\"dateModified\":\"2024-05-16T08:13:58+00:00\",\"description\":\"E-Bike und Fahrrad Saisonstart: Mach dein Bike fit f\u00fcr den Sommer und starte durch! \u25b6 Lese hier: \u2714 Was ist zu tun? \u2714 Worauf achten? \u2714 Tipps\",\"breadcrumb\":{\"@id\":\"https:\/\/www.fitstore24.com\/blog\/allgemein\/e-bike-und-fahrrad-saisonstart-mach-dein-bike-fit-fuer-den-sommer\/#breadcrumb\"},\"mainEntity\":[{\"@id\":\"https:\/\/www.fitstore24.com\/blog\/allgemein\/e-bike-und-fahrrad-saisonstart-mach-dein-bike-fit-fuer-den-sommer\/#faq-question-1708003689499\"},{\"@id\":\"https:\/\/www.fitstore24.com\/blog\/allgemein\/e-bike-und-fahrrad-saisonstart-mach-dein-bike-fit-fuer-den-sommer\/#faq-question-1708003692190\"},{\"@id\":\"https:\/\/www.fitstore24.com\/blog\/allgemein\/e-bike-und-fahrrad-saisonstart-mach-dein-bike-fit-fuer-den-sommer\/#faq-question-1708011876011\"}],\"inLanguage\":\"de\",\"potentialAction\":[{\"@type\":\"ReadAction\",\"target\":[\"https:\/\/www.fitstore24.com\/blog\/allgemein\/e-bike-und-fahrrad-saisonstart-mach-dein-bike-fit-fuer-den-sommer\/\"]}]},{\"@type\":\"BreadcrumbList\",\"@id\":\"https:\/\/www.fitstore24.com\/blog\/allgemein\/e-bike-und-fahrrad-saisonstart-mach-dein-bike-fit-fuer-den-sommer\/#breadcrumb\",\"itemListElement\":[{\"@type\":\"ListItem\",\"position\":1,\"name\":\"Startseite\",\"item\":\"https:\/\/www.fitstore24.com\/blog\/\"},{\"@type\":\"ListItem\",\"position\":2,\"name\":\"E-Bike und Fahrrad Saisonstart \u2013 mach dein Bike fit f\u00fcr den Sommer\"}]},{\"@type\":\"WebSite\",\"@id\":\"https:\/\/www.fitstore24.com\/blog\/#website\",\"url\":\"https:\/\/www.fitstore24.com\/blog\/\",\"name\":\"Fitstore24 ZANIER - Fahrr\u00e4der - e-Bikes - Fitness Blog\",\"description\":\"Premium Fitness Company\",\"publisher\":{\"@id\":\"https:\/\/www.fitstore24.com\/blog\/#organization\"},\"potentialAction\":[{\"@type\":\"SearchAction\",\"target\":{\"@type\":\"EntryPoint\",\"urlTemplate\":\"https:\/\/www.fitstore24.com\/blog\/?s={search_term_string}\"},\"query-input\":\"required name=search_term_string\"}],\"inLanguage\":\"de\"},{\"@type\":\"Organization\",\"@id\":\"https:\/\/www.fitstore24.com\/blog\/#organization\",\"name\":\"Fitstore24 ZANIER GmbH\",\"url\":\"https:\/\/www.fitstore24.com\/blog\/\",\"logo\":{\"@type\":\"ImageObject\",\"inLanguage\":\"de\",\"@id\":\"https:\/\/www.fitstore24.com\/blog\/#\/schema\/logo\/image\/\",\"url\":\"https:\/\/www.fitstore24.com\/blog\/wp-content\/uploads\/2023\/06\/fitstore24com-logo-2x.png\",\"contentUrl\":\"https:\/\/www.fitstore24.com\/blog\/wp-content\/uploads\/2023\/06\/fitstore24com-logo-2x.png\",\"width\":564,\"height\":150,\"caption\":\"Fitstore24 ZANIER GmbH\"},\"image\":{\"@id\":\"https:\/\/www.fitstore24.com\/blog\/#\/schema\/logo\/image\/\"},\"sameAs\":[\"https:\/\/www.facebook.com\/fitstore24\/\",\"https:\/\/www.instagram.com\/fitstore24.at\/\"]},{\"@type\":\"Person\",\"@id\":\"https:\/\/www.fitstore24.com\/blog\/#\/schema\/person\/86ce25f958a0b888e8982b44210acae3\",\"name\":\"Stefanie Mayer\",\"image\":{\"@type\":\"ImageObject\",\"inLanguage\":\"de\",\"@id\":\"https:\/\/www.fitstore24.com\/blog\/#\/schema\/person\/image\/\",\"url\":\"https:\/\/secure.gravatar.com\/avatar\/584039727c8545893ba3f6389e547326?s=96&d=mm&r=g\",\"contentUrl\":\"https:\/\/secure.gravatar.com\/avatar\/584039727c8545893ba3f6389e547326?s=96&d=mm&r=g\",\"caption\":\"Stefanie Mayer\"},\"url\":\"https:\/\/www.fitstore24.com\/blog\/author\/lucie\/\"},{\"@type\":\"Question\",\"@id\":\"https:\/\/www.fitstore24.com\/blog\/allgemein\/e-bike-und-fahrrad-saisonstart-mach-dein-bike-fit-fuer-den-sommer\/#faq-question-1708003689499\",\"position\":1,\"url\":\"https:\/\/www.fitstore24.com\/blog\/allgemein\/e-bike-und-fahrrad-saisonstart-mach-dein-bike-fit-fuer-den-sommer\/#faq-question-1708003689499\",\"name\":\"Wann ist die E-Bike und Fahrrad-Saison?\",\"answerCount\":1,\"acceptedAnswer\":{\"@type\":\"Answer\",\"text\":\"Die Fahrrad- und E-Bike-Saison <strong>startet in der Regel im Fr\u00fchling, wenn das Wetter w\u00e4rmer wird<\/strong> und die <strong>Tage l\u00e4nger<\/strong> werden. In vielen Regionen beginnt die Fahrradsaison im <strong>M\u00e4rz oder April<\/strong> und dauert bis in den Herbst hinein, typischerweise bis Oktober oder November. Der genaue Start der Fahrradsaison kann jedoch <strong>je nach Wetterbedingungen und regionalen Gegebenheiten variieren.<\/strong> \",\"inLanguage\":\"de\"},\"inLanguage\":\"de\"},{\"@type\":\"Question\",\"@id\":\"https:\/\/www.fitstore24.com\/blog\/allgemein\/e-bike-und-fahrrad-saisonstart-mach-dein-bike-fit-fuer-den-sommer\/#faq-question-1708003692190\",\"position\":2,\"url\":\"https:\/\/www.fitstore24.com\/blog\/allgemein\/e-bike-und-fahrrad-saisonstart-mach-dein-bike-fit-fuer-den-sommer\/#faq-question-1708003692190\",\"name\":\"Was darf beim Fahrrad-Check auf keinen Fall fehlen?\",\"answerCount\":1,\"acceptedAnswer\":{\"@type\":\"Answer\",\"text\":\"Beim Fahrrad-Check bzw. Service wird dein Fahrrad (E-Bike) <strong>auf Verschlei\u00df und Besch\u00e4digungen gepr\u00fcft.<\/strong> Das umfasst die Reifen und den Reifendruck, die Bremsen, die Schaltung, die Beleuchtung, Kette und Antrieb sowie s\u00e4mtlich Einstellungen sowie Software-Updates. Beim E-Bike ist die Funktionsf\u00e4higkeit des Akkus von zentraler Bedeutung. Eine abschlie\u00dfende Testfahrt stellt sicher, dass alle Reparaturen und Einstellungen korrekt durchgef\u00fchrt wurden und das Rad einwandfrei funktioniert. \",\"inLanguage\":\"de\"},\"inLanguage\":\"de\"},{\"@type\":\"Question\",\"@id\":\"https:\/\/www.fitstore24.com\/blog\/allgemein\/e-bike-und-fahrrad-saisonstart-mach-dein-bike-fit-fuer-den-sommer\/#faq-question-1708011876011\",\"position\":3,\"url\":\"https:\/\/www.fitstore24.com\/blog\/allgemein\/e-bike-und-fahrrad-saisonstart-mach-dein-bike-fit-fuer-den-sommer\/#faq-question-1708011876011\",\"name\":\"Wie oft muss das Fahrrad oder E-Bike gewartet werden?\",\"answerCount\":1,\"acceptedAnswer\":{\"@type\":\"Answer\",\"text\":\"Ein regelm\u00e4\u00dfiger Fahrrad-Check und -Service ist entscheidend, um die Sicherheit, Leistungsf\u00e4higkeit und Langlebigkeit deines Fahrrads zu gew\u00e4hrleisten. Die meisten Fahrradfahrer f\u00fchren eine <strong>saisonale Wartung durch, insbesondere vor Beginn der Fahrradsaison<\/strong> im Fr\u00fchling. Wie oft ein Fahrrad oder E-Bike Check durchgef\u00fchrt werden muss, h\u00e4ngt davon ab, wie oft du mit deinem Rad f\u00e4hrst und unter welchen Bedingungen. Einige Fahrradhersteller empfehlen bestimmte Serviceintervalle f\u00fcr ihre Fahrr\u00e4der. \",\"inLanguage\":\"de\"},\"inLanguage\":\"de\"}]}<\/script>\n<!-- \/ Yoast SEO plugin. -->","yoast_head_json":{"title":"E-Bike und Fahrrad Saisonstart | Fitstore24","description":"E-Bike und Fahrrad Saisonstart: Mach dein Bike fit f\u00fcr den Sommer und starte durch! \u25b6 Lese hier: \u2714 Was ist zu tun? \u2714 Worauf achten? \u2714 Tipps","robots":{"index":"index","follow":"follow","max-snippet":"max-snippet:-1","max-image-preview":"max-image-preview:large","max-video-preview":"max-video-preview:-1"},"canonical":"https:\/\/www.fitstore24.com\/blog\/allgemein\/e-bike-und-fahrrad-saisonstart-mach-dein-bike-fit-fuer-den-sommer\/","og_locale":"de_DE","og_type":"article","og_title":"E-Bike und Fahrrad Saisonstart | Fitstore24","og_description":"E-Bike und Fahrrad Saisonstart: Mach dein Bike fit f\u00fcr den Sommer und starte durch! \u25b6 Lese hier: \u2714 Was ist zu tun? \u2714 Worauf achten? \u2714 Tipps","og_url":"https:\/\/www.fitstore24.com\/blog\/allgemein\/e-bike-und-fahrrad-saisonstart-mach-dein-bike-fit-fuer-den-sommer\/","og_site_name":"Fitstore24 ZANIER - Fahrr\u00e4der - e-Bikes - Fitness Blog","article_publisher":"https:\/\/www.facebook.com\/fitstore24\/","article_published_time":"2024-05-16T06:00:00+00:00","article_modified_time":"2024-05-16T08:13:58+00:00","og_image":[{"width":1170,"height":780,"url":"https:\/\/www.fitstore24.com\/blog\/wp-content\/uploads\/2024\/05\/iLynx-Trail-Launch-Pictures-Video-Social-Media_mittel.jpg","type":"image\/jpeg"}],"author":"Stefanie Mayer","twitter_card":"summary_large_image","twitter_misc":{"Verfasst von":"Stefanie Mayer","Gesch\u00e4tzte Lesezeit":"6\u00a0Minuten"},"schema":{"@context":"https:\/\/schema.org","@graph":[{"@type":"Article","@id":"https:\/\/www.fitstore24.com\/blog\/allgemein\/e-bike-und-fahrrad-saisonstart-mach-dein-bike-fit-fuer-den-sommer\/#article","isPartOf":{"@id":"https:\/\/www.fitstore24.com\/blog\/allgemein\/e-bike-und-fahrrad-saisonstart-mach-dein-bike-fit-fuer-den-sommer\/"},"author":{"name":"Stefanie Mayer","@id":"https:\/\/www.fitstore24.com\/blog\/#\/schema\/person\/86ce25f958a0b888e8982b44210acae3"},"headline":"E-Bike und Fahrrad Saisonstart \u2013 mach dein Bike fit f\u00fcr den Sommer","datePublished":"2024-05-16T06:00:00+00:00","dateModified":"2024-05-16T08:13:58+00:00","mainEntityOfPage":{"@id":"https:\/\/www.fitstore24.com\/blog\/allgemein\/e-bike-und-fahrrad-saisonstart-mach-dein-bike-fit-fuer-den-sommer\/"},"wordCount":923,"publisher":{"@id":"https:\/\/www.fitstore24.com\/blog\/#organization"},"keywords":["E-Bike","Fahrrad","Fahrrad-Check","Pflege","Saisonstart","Sommer"],"articleSection":{"1":"E-Bikes","2":"Ratgeber"},"inLanguage":"de"},{"@type":["WebPage","FAQPage"],"@id":"https:\/\/www.fitstore24.com\/blog\/allgemein\/e-bike-und-fahrrad-saisonstart-mach-dein-bike-fit-fuer-den-sommer\/","url":"https:\/\/www.fitstore24.com\/blog\/allgemein\/e-bike-und-fahrrad-saisonstart-mach-dein-bike-fit-fuer-den-sommer\/","name":"E-Bike und Fahrrad Saisonstart | Fitstore24","isPartOf":{"@id":"https:\/\/www.fitstore24.com\/blog\/#website"},"datePublished":"2024-05-16T06:00:00+00:00","dateModified":"2024-05-16T08:13:58+00:00","description":"E-Bike und Fahrrad Saisonstart: Mach dein Bike fit f\u00fcr den Sommer und starte durch! \u25b6 Lese hier: \u2714 Was ist zu tun? \u2714 Worauf achten? \u2714 Tipps","breadcrumb":{"@id":"https:\/\/www.fitstore24.com\/blog\/allgemein\/e-bike-und-fahrrad-saisonstart-mach-dein-bike-fit-fuer-den-sommer\/#breadcrumb"},"mainEntity":[{"@id":"https:\/\/www.fitstore24.com\/blog\/allgemein\/e-bike-und-fahrrad-saisonstart-mach-dein-bike-fit-fuer-den-sommer\/#faq-question-1708003689499"},{"@id":"https:\/\/www.fitstore24.com\/blog\/allgemein\/e-bike-und-fahrrad-saisonstart-mach-dein-bike-fit-fuer-den-sommer\/#faq-question-1708003692190"},{"@id":"https:\/\/www.fitstore24.com\/blog\/allgemein\/e-bike-und-fahrrad-saisonstart-mach-dein-bike-fit-fuer-den-sommer\/#faq-question-1708011876011"}],"inLanguage":"de","potentialAction":[{"@type":"ReadAction","target":["https:\/\/www.fitstore24.com\/blog\/allgemein\/e-bike-und-fahrrad-saisonstart-mach-dein-bike-fit-fuer-den-sommer\/"]}]},{"@type":"BreadcrumbList","@id":"https:\/\/www.fitstore24.com\/blog\/allgemein\/e-bike-und-fahrrad-saisonstart-mach-dein-bike-fit-fuer-den-sommer\/#breadcrumb","itemListElement":[{"@type":"ListItem","position":1,"name":"Startseite","item":"https:\/\/www.fitstore24.com\/blog\/"},{"@type":"ListItem","position":2,"name":"E-Bike und Fahrrad Saisonstart \u2013 mach dein Bike fit f\u00fcr den Sommer"}]},{"@type":"WebSite","@id":"https:\/\/www.fitstore24.com\/blog\/#website","url":"https:\/\/www.fitstore24.com\/blog\/","name":"Fitstore24 ZANIER - Fahrr\u00e4der - e-Bikes - Fitness Blog","description":"Premium Fitness Company","publisher":{"@id":"https:\/\/www.fitstore24.com\/blog\/#organization"},"potentialAction":[{"@type":"SearchAction","target":{"@type":"EntryPoint","urlTemplate":"https:\/\/www.fitstore24.com\/blog\/?s={search_term_string}"},"query-input":"required name=search_term_string"}],"inLanguage":"de"},{"@type":"Organization","@id":"https:\/\/www.fitstore24.com\/blog\/#organization","name":"Fitstore24 ZANIER GmbH","url":"https:\/\/www.fitstore24.com\/blog\/","logo":{"@type":"ImageObject","inLanguage":"de","@id":"https:\/\/www.fitstore24.com\/blog\/#\/schema\/logo\/image\/","url":"https:\/\/www.fitstore24.com\/blog\/wp-content\/uploads\/2023\/06\/fitstore24com-logo-2x.png","contentUrl":"https:\/\/www.fitstore24.com\/blog\/wp-content\/uploads\/2023\/06\/fitstore24com-logo-2x.png","width":564,"height":150,"caption":"Fitstore24 ZANIER GmbH"},"image":{"@id":"https:\/\/www.fitstore24.com\/blog\/#\/schema\/logo\/image\/"},"sameAs":["https:\/\/www.facebook.com\/fitstore24\/","https:\/\/www.instagram.com\/fitstore24.at\/"]},{"@type":"Person","@id":"https:\/\/www.fitstore24.com\/blog\/#\/schema\/person\/86ce25f958a0b888e8982b44210acae3","name":"Stefanie Mayer","image":{"@type":"ImageObject","inLanguage":"de","@id":"https:\/\/www.fitstore24.com\/blog\/#\/schema\/person\/image\/","url":"https:\/\/secure.gravatar.com\/avatar\/584039727c8545893ba3f6389e547326?s=96&d=mm&r=g","contentUrl":"https:\/\/secure.gravatar.com\/avatar\/584039727c8545893ba3f6389e547326?s=96&d=mm&r=g","caption":"Stefanie Mayer"},"url":"https:\/\/www.fitstore24.com\/blog\/author\/lucie\/"},{"@type":"Question","@id":"https:\/\/www.fitstore24.com\/blog\/allgemein\/e-bike-und-fahrrad-saisonstart-mach-dein-bike-fit-fuer-den-sommer\/#faq-question-1708003689499","position":1,"url":"https:\/\/www.fitstore24.com\/blog\/allgemein\/e-bike-und-fahrrad-saisonstart-mach-dein-bike-fit-fuer-den-sommer\/#faq-question-1708003689499","name":"Wann ist die E-Bike und Fahrrad-Saison?","answerCount":1,"acceptedAnswer":{"@type":"Answer","text":"Die Fahrrad- und E-Bike-Saison <strong>startet in der Regel im Fr\u00fchling, wenn das Wetter w\u00e4rmer wird<\/strong> und die <strong>Tage l\u00e4nger<\/strong> werden. In vielen Regionen beginnt die Fahrradsaison im <strong>M\u00e4rz oder April<\/strong> und dauert bis in den Herbst hinein, typischerweise bis Oktober oder November. Der genaue Start der Fahrradsaison kann jedoch <strong>je nach Wetterbedingungen und regionalen Gegebenheiten variieren.<\/strong> ","inLanguage":"de"},"inLanguage":"de"},{"@type":"Question","@id":"https:\/\/www.fitstore24.com\/blog\/allgemein\/e-bike-und-fahrrad-saisonstart-mach-dein-bike-fit-fuer-den-sommer\/#faq-question-1708003692190","position":2,"url":"https:\/\/www.fitstore24.com\/blog\/allgemein\/e-bike-und-fahrrad-saisonstart-mach-dein-bike-fit-fuer-den-sommer\/#faq-question-1708003692190","name":"Was darf beim Fahrrad-Check auf keinen Fall fehlen?","answerCount":1,"acceptedAnswer":{"@type":"Answer","text":"Beim Fahrrad-Check bzw. Service wird dein Fahrrad (E-Bike) <strong>auf Verschlei\u00df und Besch\u00e4digungen gepr\u00fcft.<\/strong> Das umfasst die Reifen und den Reifendruck, die Bremsen, die Schaltung, die Beleuchtung, Kette und Antrieb sowie s\u00e4mtlich Einstellungen sowie Software-Updates. Beim E-Bike ist die Funktionsf\u00e4higkeit des Akkus von zentraler Bedeutung. Eine abschlie\u00dfende Testfahrt stellt sicher, dass alle Reparaturen und Einstellungen korrekt durchgef\u00fchrt wurden und das Rad einwandfrei funktioniert. ","inLanguage":"de"},"inLanguage":"de"},{"@type":"Question","@id":"https:\/\/www.fitstore24.com\/blog\/allgemein\/e-bike-und-fahrrad-saisonstart-mach-dein-bike-fit-fuer-den-sommer\/#faq-question-1708011876011","position":3,"url":"https:\/\/www.fitstore24.com\/blog\/allgemein\/e-bike-und-fahrrad-saisonstart-mach-dein-bike-fit-fuer-den-sommer\/#faq-question-1708011876011","name":"Wie oft muss das Fahrrad oder E-Bike gewartet werden?","answerCount":1,"acceptedAnswer":{"@type":"Answer","text":"Ein regelm\u00e4\u00dfiger Fahrrad-Check und -Service ist entscheidend, um die Sicherheit, Leistungsf\u00e4higkeit und Langlebigkeit deines Fahrrads zu gew\u00e4hrleisten. Die meisten Fahrradfahrer f\u00fchren eine <strong>saisonale Wartung durch, insbesondere vor Beginn der Fahrradsaison<\/strong> im Fr\u00fchling. Wie oft ein Fahrrad oder E-Bike Check durchgef\u00fchrt werden muss, h\u00e4ngt davon ab, wie oft du mit deinem Rad f\u00e4hrst und unter welchen Bedingungen. Einige Fahrradhersteller empfehlen bestimmte Serviceintervalle f\u00fcr ihre Fahrr\u00e4der. ","inLanguage":"de"},"inLanguage":"de"}]}},"uagb_featured_image_src":{"full":["https:\/\/www.fitstore24.com\/blog\/wp-content\/uploads\/2024\/05\/iLynx-Trail-Launch-Pictures-Video-Social-Media_mittel.jpg",1170,780,false],"thumbnail":["https:\/\/www.fitstore24.com\/blog\/wp-content\/uploads\/2024\/05\/iLynx-Trail-Launch-Pictures-Video-Social-Media_mittel.jpg",150,100,false],"medium":["https:\/\/www.fitstore24.com\/blog\/wp-content\/uploads\/2024\/05\/iLynx-Trail-Launch-Pictures-Video-Social-Media_mittel.jpg",300,200,false],"medium_large":["https:\/\/www.fitstore24.com\/blog\/wp-content\/uploads\/2024\/05\/iLynx-Trail-Launch-Pictures-Video-Social-Media_mittel.jpg",768,512,false],"large":["https:\/\/www.fitstore24.com\/blog\/wp-content\/uploads\/2024\/05\/iLynx-Trail-Launch-Pictures-Video-Social-Media_mittel.jpg",770,513,false],"1536x1536":["https:\/\/www.fitstore24.com\/blog\/wp-content\/uploads\/2024\/05\/iLynx-Trail-Launch-Pictures-Video-Social-Media_mittel.jpg",1170,780,false],"2048x2048":["https:\/\/www.fitstore24.com\/blog\/wp-content\/uploads\/2024\/05\/iLynx-Trail-Launch-Pictures-Video-Social-Media_mittel.jpg",1170,780,false],"post-thumbnail":["https:\/\/www.fitstore24.com\/blog\/wp-content\/uploads\/2024\/05\/iLynx-Trail-Launch-Pictures-Video-Social-Media_mittel.jpg",270,180,false],"contentberg-main":["https:\/\/www.fitstore24.com\/blog\/wp-content\/uploads\/2024\/05\/iLynx-Trail-Launch-Pictures-Video-Social-Media_mittel.jpg",770,513,false],"contentberg-main-full":["https:\/\/www.fitstore24.com\/blog\/wp-content\/uploads\/2024\/05\/iLynx-Trail-Launch-Pictures-Video-Social-Media_mittel.jpg",762,508,false],"contentberg-slider-stylish":["https:\/\/www.fitstore24.com\/blog\/wp-content\/uploads\/2024\/05\/iLynx-Trail-Launch-Pictures-Video-Social-Media_mittel.jpg",773,515,false],"contentberg-slider-carousel":["https:\/\/www.fitstore24.com\/blog\/wp-content\/uploads\/2024\/05\/iLynx-Trail-Launch-Pictures-Video-Social-Media_mittel.jpg",370,247,false],"contentberg-slider-grid-b":["https:\/\/www.fitstore24.com\/blog\/wp-content\/uploads\/2024\/05\/iLynx-Trail-Launch-Pictures-Video-Social-Media_mittel.jpg",554,369,false],"contentberg-slider-grid-b-sm":["https:\/\/www.fitstore24.com\/blog\/wp-content\/uploads\/2024\/05\/iLynx-Trail-Launch-Pictures-Video-Social-Media_mittel.jpg",306,204,false],"contentberg-slider-bold-sm":["https:\/\/www.fitstore24.com\/blog\/wp-content\/uploads\/2024\/05\/iLynx-Trail-Launch-Pictures-Video-Social-Media_mittel.jpg",150,100,false],"contentberg-grid":["https:\/\/www.fitstore24.com\/blog\/wp-content\/uploads\/2024\/05\/iLynx-Trail-Launch-Pictures-Video-Social-Media_mittel.jpg",368,245,false],"contentberg-list":["https:\/\/www.fitstore24.com\/blog\/wp-content\/uploads\/2024\/05\/iLynx-Trail-Launch-Pictures-Video-Social-Media_mittel.jpg",260,173,false],"contentberg-list-b":["https:\/\/www.fitstore24.com\/blog\/wp-content\/uploads\/2024\/05\/iLynx-Trail-Launch-Pictures-Video-Social-Media_mittel.jpg",370,247,false],"contentberg-thumb":["https:\/\/www.fitstore24.com\/blog\/wp-content\/uploads\/2024\/05\/iLynx-Trail-Launch-Pictures-Video-Social-Media_mittel.jpg",87,58,false],"contentberg-thumb-alt":["https:\/\/www.fitstore24.com\/blog\/wp-content\/uploads\/2024\/05\/iLynx-Trail-Launch-Pictures-Video-Social-Media_mittel.jpg",150,100,false]},"uagb_author_info":{"display_name":"Stefanie Mayer","author_link":"https:\/\/www.fitstore24.com\/blog\/author\/lucie\/"},"uagb_comment_info":0,"uagb_excerpt":"Die E-Bike und Fahrrad Sommersaison startet bald. Hier sind einige Tipps, wie du dein Bike fit f\u00fcr den Sommer machst.","_links":{"self":[{"href":"https:\/\/www.fitstore24.com\/blog\/wp-json\/wp\/v2\/posts\/2740"}],"collection":[{"href":"https:\/\/www.fitstore24.com\/blog\/wp-json\/wp\/v2\/posts"}],"about":[{"href":"https:\/\/www.fitstore24.com\/blog\/wp-json\/wp\/v2\/types\/post"}],"author":[{"embeddable":true,"href":"https:\/\/www.fitstore24.com\/blog\/wp-json\/wp\/v2\/users\/7"}],"replies":[{"embeddable":true,"href":"https:\/\/www.fitstore24.com\/blog\/wp-json\/wp\/v2\/comments?post=2740"}],"version-history":[{"count":11,"href":"https:\/\/www.fitstore24.com\/blog\/wp-json\/wp\/v2\/posts\/2740\/revisions"}],"predecessor-version":[{"id":3829,"href":"https:\/\/www.fitstore24.com\/blog\/wp-json\/wp\/v2\/posts\/2740\/revisions\/3829"}],"wp:featuredmedia":[{"embeddable":true,"href":"https:\/\/www.fitstore24.com\/blog\/wp-json\/wp\/v2\/media\/2806"}],"wp:attachment":[{"href":"https:\/\/www.fitstore24.com\/blog\/wp-json\/wp\/v2\/media?parent=2740"}],"wp:term":[{"taxonomy":"category","embeddable":true,"href":"https:\/\/www.fitstore24.com\/blog\/wp-json\/wp\/v2\/categories?post=2740"},{"taxonomy":"post_tag","embeddable":true,"href":"https:\/\/www.fitstore24.com\/blog\/wp-json\/wp\/v2\/tags?post=2740"}],"curies":[{"name":"wp","href":"https:\/\/api.w.org\/{rel}","templated":true}]}}